{"id":4573,"date":"2024-11-08T13:34:59","date_gmt":"2024-11-08T11:34:59","guid":{"rendered":"https:\/\/remainproject.eu\/?p=4573"},"modified":"2024-11-08T13:36:07","modified_gmt":"2024-11-08T11:36:07","slug":"ultima-reunion-transnacional-en-barcelona-y-evento-multiplicador","status":"publish","type":"post","link":"https:\/\/remainproject.eu\/es\/sin-categorizar\/ultima-reunion-transnacional-en-barcelona-y-evento-multiplicador\/","title":{"rendered":"ULTIMA REUNI\u00d3N TRANSNACIONAL EN BARCELONA Y EVENTO MULTIPLICADOR"},"content":{"rendered":"\t\t<div data-elementor-type=\"wp-post\" data-elementor-id=\"4573\" class=\"elementor elementor-4573\">\n\t\t\t\t\t\t\t\t\t<section class=\"elementor-section elementor-top-section elementor-element elementor-element-4d37635b elementor-section-boxed elementor-section-height-default elementor-section-height-default\" data-id=\"4d37635b\" data-element_type=\"section\">\n\t\t\t\t\t\t<div class=\"elementor-container elementor-column-gap-default\">\n\t\t\t\t\t<div class=\"elementor-column elementor-col-100 elementor-top-column elementor-element elementor-element-5078fd6b\" data-id=\"5078fd6b\" data-element_type=\"column\">\n\t\t\t<div class=\"elementor-widget-wrap elementor-element-populated\">\n\t\t\t\t\t\t\t\t<div class=\"elementor-element elementor-element-356e8aa7 elementor-widget elementor-widget-text-editor\" data-id=\"356e8aa7\" data-element_type=\"widget\" data-widget_type=\"text-editor.default\">\n\t\t\t\t<div class=\"elementor-widget-container\">\n\t\t\t<style>\/*! elementor - v3.13.3 - 28-05-2023 *\/\n.elementor-widget-text-editor.elementor-drop-cap-view-stacked .elementor-drop-cap{background-color:#69727d;color:#fff}.elementor-widget-text-editor.elementor-drop-cap-view-framed .elementor-drop-cap{color:#69727d;border:3px solid;background-color:transparent}.elementor-widget-text-editor:not(.elementor-drop-cap-view-default) .elementor-drop-cap{margin-top:8px}.elementor-widget-text-editor:not(.elementor-drop-cap-view-default) .elementor-drop-cap-letter{width:1em;height:1em}.elementor-widget-text-editor .elementor-drop-cap{float:left;text-align:center;line-height:1;font-size:50px}.elementor-widget-text-editor .elementor-drop-cap-letter{display:inline-block}<\/style>\t\t\t\t<p>Los d\u00edas 29 y 30 de octubre celebramos nuestra \u00faltima reuni\u00f3n transnacional en las instalaciones de nuestro socio FESTO en L&#8217;Hospitalet de Llobregat. Fue un momento clave para todo el equipo ya que completamos y presentamos los resultados finales del proyecto para RE-MAIN.\n\n<\/p>\n\n<p>Adem\u00e1s, organizamos el evento multiplicador del proyecto, en el que numerosos asistentes de la regi\u00f3n tuvieron la oportunidad de conocer el proyecto de primera mano. Los participantes no solo conocieron los \u00faltimos avances en telemantenimiento, sino que tambi\u00e9n participaron en talleres pr\u00e1cticos en los que adquirieron valiosos conocimientos pr\u00e1cticos.\n\n<\/p>\n<p>Queremos dar las gracias a todos los asistentes por su inter\u00e9s y participaci\u00f3n, y a nuestros socios por su dedicaci\u00f3n a lo largo de este viaje. Seguimos trabajando para cumplir nuestra misi\u00f3n de mejorar las habilidades y los conocimientos en el campo del mantenimiento industrial remoto.\n\n<\/p>\t\t\t\t\t\t<\/div>\n\t\t\t\t<\/div>\n\t\t\t\t\t<\/div>\n\t\t<\/div>\n\t\t\t\t\t\t\t<\/div>\n\t\t<\/section>\n\t\t\t\t<section class=\"elementor-section elementor-top-section elementor-element elementor-element-24aa9ee elementor-section-boxed elementor-section-height-default elementor-section-height-default\" data-id=\"24aa9ee\" data-element_type=\"section\">\n\t\t\t\t\t\t<div class=\"elementor-container elementor-column-gap-default\">\n\t\t\t\t\t<div class=\"elementor-column elementor-col-100 elementor-top-column elementor-element elementor-element-512d74a\" data-id=\"512d74a\" data-element_type=\"column\">\n\t\t\t<div class=\"elementor-widget-wrap elementor-element-populated\">\n\t\t\t\t\t\t\t\t<div class=\"elementor-element elementor-element-bac7791 elementor-widget elementor-widget-image-gallery\" data-id=\"bac7791\" data-element_type=\"widget\" data-widget_type=\"image-gallery.default\">\n\t\t\t\t<div class=\"elementor-widget-container\">\n\t\t\t<style>\/*! elementor - v3.13.3 - 28-05-2023 *\/\n.elementor-image-gallery .gallery-item{display:inline-block;text-align:center;vertical-align:top;width:100%;max-width:100%;margin:0 auto}.elementor-image-gallery .gallery-item img{margin:0 auto}.elementor-image-gallery .gallery-item .gallery-caption{margin:0}.elementor-image-gallery figure img{display:block}.elementor-image-gallery figure figcaption{width:100%}.gallery-spacing-custom .elementor-image-gallery .gallery-icon{padding:0}@media (min-width:768px){.elementor-image-gallery .gallery-columns-2 .gallery-item{max-width:50%}.elementor-image-gallery .gallery-columns-3 .gallery-item{max-width:33.33%}.elementor-image-gallery .gallery-columns-4 .gallery-item{max-width:25%}.elementor-image-gallery .gallery-columns-5 .gallery-item{max-width:20%}.elementor-image-gallery .gallery-columns-6 .gallery-item{max-width:16.666%}.elementor-image-gallery .gallery-columns-7 .gallery-item{max-width:14.28%}.elementor-image-gallery .gallery-columns-8 .gallery-item{max-width:12.5%}.elementor-image-gallery .gallery-columns-9 .gallery-item{max-width:11.11%}.elementor-image-gallery .gallery-columns-10 .gallery-item{max-width:10%}}@media (min-width:480px) and (max-width:767px){.elementor-image-gallery .gallery.gallery-columns-2 .gallery-item,.elementor-image-gallery .gallery.gallery-columns-3 .gallery-item,.elementor-image-gallery .gallery.gallery-columns-4 .gallery-item,.elementor-image-gallery .gallery.gallery-columns-5 .gallery-item,.elementor-image-gallery .gallery.gallery-columns-6 .gallery-item,.elementor-image-gallery .gallery.gallery-columns-7 .gallery-item,.elementor-image-gallery .gallery.gallery-columns-8 .gallery-item,.elementor-image-gallery .gallery.gallery-columns-9 .gallery-item,.elementor-image-gallery .gallery.gallery-columns-10 .gallery-item{max-width:50%}}@media (max-width:479px){.elementor-image-gallery .gallery.gallery-columns-2 .gallery-item,.elementor-image-gallery .gallery.gallery-columns-3 .gallery-item,.elementor-image-gallery .gallery.gallery-columns-4 .gallery-item,.elementor-image-gallery .gallery.gallery-columns-5 .gallery-item,.elementor-image-gallery .gallery.gallery-columns-6 .gallery-item,.elementor-image-gallery .gallery.gallery-columns-7 .gallery-item,.elementor-image-gallery .gallery.gallery-columns-8 .gallery-item,.elementor-image-gallery .gallery.gallery-columns-9 .gallery-item,.elementor-image-gallery .gallery.gallery-columns-10 .gallery-item{max-width:100%}}<\/style>\t\t<div class=\"elementor-image-gallery\">\n\t\t\t<div id='gallery-1' class='gallery galleryid-4573 gallery-columns-3 gallery-size-medium_large'><figure class='gallery-item'>\n\t\t\t<div class='gallery-icon landscape'>\n\t\t\t\t<a data-elementor-open-lightbox=\"yes\" data-elementor-lightbox-slideshow=\"bac7791\" data-elementor-lightbox-title=\"4\" data-e-action-hash=\"#elementor-action%3Aaction%3Dlightbox%26settings%3DeyJpZCI6NDQ5NiwidXJsIjoiaHR0cHM6XC9cL3JlbWFpbnByb2plY3QuZXVcL3dwLWNvbnRlbnRcL3VwbG9hZHNcLzIwMjRcLzExXC80LTEuanBnIiwic2xpZGVzaG93IjoiYmFjNzc5MSJ9\" href='https:\/\/remainproject.eu\/wp-content\/uploads\/2024\/11\/4-1.jpg'><img loading=\"lazy\" decoding=\"async\" width=\"768\" height=\"433\" src=\"https:\/\/remainproject.eu\/wp-content\/uploads\/2024\/11\/4-1-768x433.jpg\" class=\"attachment-medium_large size-medium_large\" alt=\"\" srcset=\"https:\/\/remainproject.eu\/wp-content\/uploads\/2024\/11\/4-1-768x433.jpg 768w, https:\/\/remainproject.eu\/wp-content\/uploads\/2024\/11\/4-1-300x169.jpg 300w, https:\/\/remainproject.eu\/wp-content\/uploads\/2024\/11\/4-1.jpg 1024w\" sizes=\"auto, (max-width: 768px) 100vw, 768px\" \/><\/a>\n\t\t\t<\/div><\/figure><figure class='gallery-item'>\n\t\t\t<div class='gallery-icon landscape'>\n\t\t\t\t<a data-elementor-open-lightbox=\"yes\" data-elementor-lightbox-slideshow=\"bac7791\" data-elementor-lightbox-title=\"5\" data-e-action-hash=\"#elementor-action%3Aaction%3Dlightbox%26settings%3DeyJpZCI6NDUwMCwidXJsIjoiaHR0cHM6XC9cL3JlbWFpbnByb2plY3QuZXVcL3dwLWNvbnRlbnRcL3VwbG9hZHNcLzIwMjRcLzExXC81LmpwZyIsInNsaWRlc2hvdyI6ImJhYzc3OTEifQ%3D%3D\" href='https:\/\/remainproject.eu\/wp-content\/uploads\/2024\/11\/5.jpg'><img loading=\"lazy\" decoding=\"async\" width=\"768\" height=\"576\" src=\"https:\/\/remainproject.eu\/wp-content\/uploads\/2024\/11\/5-768x576.jpg\" class=\"attachment-medium_large size-medium_large\" alt=\"\" srcset=\"https:\/\/remainproject.eu\/wp-content\/uploads\/2024\/11\/5-768x576.jpg 768w, https:\/\/remainproject.eu\/wp-content\/uploads\/2024\/11\/5-300x225.jpg 300w, https:\/\/remainproject.eu\/wp-content\/uploads\/2024\/11\/5.jpg 1024w\" sizes=\"auto, (max-width: 768px) 100vw, 768px\" \/><\/a>\n\t\t\t<\/div><\/figure><figure class='gallery-item'>\n\t\t\t<div class='gallery-icon landscape'>\n\t\t\t\t<a data-elementor-open-lightbox=\"yes\" data-elementor-lightbox-slideshow=\"bac7791\" data-elementor-lightbox-title=\"6\" data-e-action-hash=\"#elementor-action%3Aaction%3Dlightbox%26settings%3DeyJpZCI6NDUwNCwidXJsIjoiaHR0cHM6XC9cL3JlbWFpbnByb2plY3QuZXVcL3dwLWNvbnRlbnRcL3VwbG9hZHNcLzIwMjRcLzExXC82LTEuanBnIiwic2xpZGVzaG93IjoiYmFjNzc5MSJ9\" href='https:\/\/remainproject.eu\/wp-content\/uploads\/2024\/11\/6-1.jpg'><img loading=\"lazy\" decoding=\"async\" width=\"768\" height=\"346\" src=\"https:\/\/remainproject.eu\/wp-content\/uploads\/2024\/11\/6-1-768x346.jpg\" class=\"attachment-medium_large size-medium_large\" alt=\"\" srcset=\"https:\/\/remainproject.eu\/wp-content\/uploads\/2024\/11\/6-1-768x346.jpg 768w, https:\/\/remainproject.eu\/wp-content\/uploads\/2024\/11\/6-1-300x135.jpg 300w, https:\/\/remainproject.eu\/wp-content\/uploads\/2024\/11\/6-1.jpg 1024w\" sizes=\"auto, (max-width: 768px) 100vw, 768px\" \/><\/a>\n\t\t\t<\/div><\/figure>\n\t\t<\/div>\n\t\t<\/div>\n\t\t\t\t<\/div>\n\t\t\t\t<\/div>\n\t\t\t\t\t<\/div>\n\t\t<\/div>\n\t\t\t\t\t\t\t<\/div>\n\t\t<\/section>\n\t\t\t\t\t\t\t<\/div>\n\t\t","protected":false},"excerpt":{"rendered":"<p>Los d\u00edas 29 y 30 de octubre celebramos nuestra \u00faltima reuni\u00f3n transnacional en las instalaciones de nuestro socio FESTO en L&#8217;Hospitalet de Llobregat. Fue un momento clave para todo el equipo ya que completamos y presentamos los resultados finales del proyecto para RE-MAIN. Adem\u00e1s, organizamos el evento multiplicador del proyecto, en el que numerosos asistentes &#8230; <a title=\"ULTIMA REUNI\u00d3N TRANSNACIONAL EN BARCELONA Y EVENTO MULTIPLICADOR\" class=\"read-more\" href=\"https:\/\/remainproject.eu\/es\/sin-categorizar\/ultima-reunion-transnacional-en-barcelona-y-evento-multiplicador\/\" aria-label=\"M\u00e1s en ULTIMA REUNI\u00d3N TRANSNACIONAL EN BARCELONA Y EVENTO MULTIPLICADOR\">Read More<\/a><\/p>\n","protected":false},"author":1,"featured_media":4496,"comment_status":"closed","ping_status":"closed","sticky":false,"template":"","format":"standard","meta":{"footnotes":""},"categories":[11],"tags":[],"class_list":["post-4573","post","type-post","status-publish","format-standard","has-post-thumbnail","hentry","category-sin-categorizar"],"yoast_head":"<!-- This site is optimized with the Yoast SEO plugin v20.8 - https:\/\/yoast.com\/wordpress\/plugins\/seo\/ -->\n<title>ULTIMA REUNI\u00d3N TRANSNACIONAL EN BARCELONA Y EVENTO MULTIPLICADOR - Remain<\/title>\n<meta name=\"robots\" content=\"index, follow, max-snippet:-1, max-image-preview:large, max-video-preview:-1\" \/>\n<link rel=\"canonical\" href=\"https:\/\/remainproject.eu\/es\/sin-categorizar\/ultima-reunion-transnacional-en-barcelona-y-evento-multiplicador\/\" \/>\n<meta property=\"og:locale\" content=\"es_ES\" \/>\n<meta property=\"og:type\" content=\"article\" \/>\n<meta property=\"og:title\" content=\"ULTIMA REUNI\u00d3N TRANSNACIONAL EN BARCELONA Y EVENTO MULTIPLICADOR - Remain\" \/>\n<meta property=\"og:description\" content=\"Los d\u00edas 29 y 30 de octubre celebramos nuestra \u00faltima reuni\u00f3n transnacional en las instalaciones de nuestro socio FESTO en L&#8217;Hospitalet de Llobregat. Fue un momento clave para todo el equipo ya que completamos y presentamos los resultados finales del proyecto para RE-MAIN. Adem\u00e1s, organizamos el evento multiplicador del proyecto, en el que numerosos asistentes ... Read More\" \/>\n<meta property=\"og:url\" content=\"https:\/\/remainproject.eu\/es\/sin-categorizar\/ultima-reunion-transnacional-en-barcelona-y-evento-multiplicador\/\" \/>\n<meta property=\"og:site_name\" content=\"Remain\" \/>\n<meta property=\"article:published_time\" content=\"2024-11-08T11:34:59+00:00\" \/>\n<meta property=\"article:modified_time\" content=\"2024-11-08T11:36:07+00:00\" \/>\n<meta property=\"og:image\" content=\"http:\/\/remainproject.eu\/wp-content\/uploads\/2024\/11\/4-1.jpg\" \/>\n\t<meta property=\"og:image:width\" content=\"1024\" \/>\n\t<meta property=\"og:image:height\" content=\"577\" \/>\n\t<meta property=\"og:image:type\" content=\"image\/jpeg\" \/>\n<meta name=\"author\" content=\"admin\" \/>\n<meta name=\"twitter:card\" content=\"summary_large_image\" \/>\n<meta name=\"twitter:label1\" content=\"Escrito por\" \/>\n\t<meta name=\"twitter:data1\" content=\"admin\" \/>\n\t<meta name=\"twitter:label2\" content=\"Tiempo de lectura\" \/>\n\t<meta name=\"twitter:data2\" content=\"2 minutos\" \/>\n<script type=\"application\/ld+json\" class=\"yoast-schema-graph\">{\"@context\":\"https:\/\/schema.org\",\"@graph\":[{\"@type\":\"Article\",\"@id\":\"https:\/\/remainproject.eu\/es\/sin-categorizar\/ultima-reunion-transnacional-en-barcelona-y-evento-multiplicador\/#article\",\"isPartOf\":{\"@id\":\"https:\/\/remainproject.eu\/es\/sin-categorizar\/ultima-reunion-transnacional-en-barcelona-y-evento-multiplicador\/\"},\"author\":{\"name\":\"admin\",\"@id\":\"https:\/\/remainproject.eu\/es\/#\/schema\/person\/b60645eea0252b8e07d8eb24e4f859b1\"},\"headline\":\"ULTIMA REUNI\u00d3N TRANSNACIONAL EN BARCELONA Y EVENTO MULTIPLICADOR\",\"datePublished\":\"2024-11-08T11:34:59+00:00\",\"dateModified\":\"2024-11-08T11:36:07+00:00\",\"mainEntityOfPage\":{\"@id\":\"https:\/\/remainproject.eu\/es\/sin-categorizar\/ultima-reunion-transnacional-en-barcelona-y-evento-multiplicador\/\"},\"wordCount\":157,\"publisher\":{\"@id\":\"https:\/\/remainproject.eu\/es\/#organization\"},\"articleSection\":[\"Sin categorizar\"],\"inLanguage\":\"es\"},{\"@type\":\"WebPage\",\"@id\":\"https:\/\/remainproject.eu\/es\/sin-categorizar\/ultima-reunion-transnacional-en-barcelona-y-evento-multiplicador\/\",\"url\":\"https:\/\/remainproject.eu\/es\/sin-categorizar\/ultima-reunion-transnacional-en-barcelona-y-evento-multiplicador\/\",\"name\":\"ULTIMA REUNI\u00d3N TRANSNACIONAL EN BARCELONA Y EVENTO MULTIPLICADOR - Remain\",\"isPartOf\":{\"@id\":\"https:\/\/remainproject.eu\/es\/#website\"},\"datePublished\":\"2024-11-08T11:34:59+00:00\",\"dateModified\":\"2024-11-08T11:36:07+00:00\",\"breadcrumb\":{\"@id\":\"https:\/\/remainproject.eu\/es\/sin-categorizar\/ultima-reunion-transnacional-en-barcelona-y-evento-multiplicador\/#breadcrumb\"},\"inLanguage\":\"es\",\"potentialAction\":[{\"@type\":\"ReadAction\",\"target\":[\"https:\/\/remainproject.eu\/es\/sin-categorizar\/ultima-reunion-transnacional-en-barcelona-y-evento-multiplicador\/\"]}]},{\"@type\":\"BreadcrumbList\",\"@id\":\"https:\/\/remainproject.eu\/es\/sin-categorizar\/ultima-reunion-transnacional-en-barcelona-y-evento-multiplicador\/#breadcrumb\",\"itemListElement\":[{\"@type\":\"ListItem\",\"position\":1,\"name\":\"Portada\",\"item\":\"https:\/\/remainproject.eu\/es\/\"},{\"@type\":\"ListItem\",\"position\":2,\"name\":\"ULTIMA REUNI\u00d3N TRANSNACIONAL EN BARCELONA Y EVENTO MULTIPLICADOR\"}]},{\"@type\":\"WebSite\",\"@id\":\"https:\/\/remainproject.eu\/es\/#website\",\"url\":\"https:\/\/remainproject.eu\/es\/\",\"name\":\"Remain\",\"description\":\"Project\",\"publisher\":{\"@id\":\"https:\/\/remainproject.eu\/es\/#organization\"},\"potentialAction\":[{\"@type\":\"SearchAction\",\"target\":{\"@type\":\"EntryPoint\",\"urlTemplate\":\"https:\/\/remainproject.eu\/es\/?s={search_term_string}\"},\"query-input\":\"required name=search_term_string\"}],\"inLanguage\":\"es\"},{\"@type\":\"Organization\",\"@id\":\"https:\/\/remainproject.eu\/es\/#organization\",\"name\":\"Remain\",\"url\":\"https:\/\/remainproject.eu\/es\/\",\"logo\":{\"@type\":\"ImageObject\",\"inLanguage\":\"es\",\"@id\":\"https:\/\/remainproject.eu\/es\/#\/schema\/logo\/image\/\",\"url\":\"https:\/\/remainproject.eu\/wp-content\/uploads\/2022\/11\/cropped-logo.webp\",\"contentUrl\":\"https:\/\/remainproject.eu\/wp-content\/uploads\/2022\/11\/cropped-logo.webp\",\"width\":460,\"height\":200,\"caption\":\"Remain\"},\"image\":{\"@id\":\"https:\/\/remainproject.eu\/es\/#\/schema\/logo\/image\/\"}},{\"@type\":\"Person\",\"@id\":\"https:\/\/remainproject.eu\/es\/#\/schema\/person\/b60645eea0252b8e07d8eb24e4f859b1\",\"name\":\"admin\",\"image\":{\"@type\":\"ImageObject\",\"inLanguage\":\"es\",\"@id\":\"https:\/\/remainproject.eu\/es\/#\/schema\/person\/image\/\",\"url\":\"https:\/\/secure.gravatar.com\/avatar\/c33fc7e9c0fe73196aaac7e84b2113803a0077080ee20e55a7ea811e4050bc40?s=96&d=mm&r=g\",\"contentUrl\":\"https:\/\/secure.gravatar.com\/avatar\/c33fc7e9c0fe73196aaac7e84b2113803a0077080ee20e55a7ea811e4050bc40?s=96&d=mm&r=g\",\"caption\":\"admin\"},\"sameAs\":[\"https:\/\/remainproject.eu\"]}]}<\/script>\n<!-- \/ Yoast SEO plugin. -->","yoast_head_json":{"title":"ULTIMA REUNI\u00d3N TRANSNACIONAL EN BARCELONA Y EVENTO MULTIPLICADOR - Remain","robots":{"index":"index","follow":"follow","max-snippet":"max-snippet:-1","max-image-preview":"max-image-preview:large","max-video-preview":"max-video-preview:-1"},"canonical":"https:\/\/remainproject.eu\/es\/sin-categorizar\/ultima-reunion-transnacional-en-barcelona-y-evento-multiplicador\/","og_locale":"es_ES","og_type":"article","og_title":"ULTIMA REUNI\u00d3N TRANSNACIONAL EN BARCELONA Y EVENTO MULTIPLICADOR - Remain","og_description":"Los d\u00edas 29 y 30 de octubre celebramos nuestra \u00faltima reuni\u00f3n transnacional en las instalaciones de nuestro socio FESTO en L&#8217;Hospitalet de Llobregat. Fue un momento clave para todo el equipo ya que completamos y presentamos los resultados finales del proyecto para RE-MAIN. Adem\u00e1s, organizamos el evento multiplicador del proyecto, en el que numerosos asistentes ... Read More","og_url":"https:\/\/remainproject.eu\/es\/sin-categorizar\/ultima-reunion-transnacional-en-barcelona-y-evento-multiplicador\/","og_site_name":"Remain","article_published_time":"2024-11-08T11:34:59+00:00","article_modified_time":"2024-11-08T11:36:07+00:00","og_image":[{"width":1024,"height":577,"url":"http:\/\/remainproject.eu\/wp-content\/uploads\/2024\/11\/4-1.jpg","type":"image\/jpeg"}],"author":"admin","twitter_card":"summary_large_image","twitter_misc":{"Escrito por":"admin","Tiempo de lectura":"2 minutos"},"schema":{"@context":"https:\/\/schema.org","@graph":[{"@type":"Article","@id":"https:\/\/remainproject.eu\/es\/sin-categorizar\/ultima-reunion-transnacional-en-barcelona-y-evento-multiplicador\/#article","isPartOf":{"@id":"https:\/\/remainproject.eu\/es\/sin-categorizar\/ultima-reunion-transnacional-en-barcelona-y-evento-multiplicador\/"},"author":{"name":"admin","@id":"https:\/\/remainproject.eu\/es\/#\/schema\/person\/b60645eea0252b8e07d8eb24e4f859b1"},"headline":"ULTIMA REUNI\u00d3N TRANSNACIONAL EN BARCELONA Y EVENTO MULTIPLICADOR","datePublished":"2024-11-08T11:34:59+00:00","dateModified":"2024-11-08T11:36:07+00:00","mainEntityOfPage":{"@id":"https:\/\/remainproject.eu\/es\/sin-categorizar\/ultima-reunion-transnacional-en-barcelona-y-evento-multiplicador\/"},"wordCount":157,"publisher":{"@id":"https:\/\/remainproject.eu\/es\/#organization"},"articleSection":["Sin categorizar"],"inLanguage":"es"},{"@type":"WebPage","@id":"https:\/\/remainproject.eu\/es\/sin-categorizar\/ultima-reunion-transnacional-en-barcelona-y-evento-multiplicador\/","url":"https:\/\/remainproject.eu\/es\/sin-categorizar\/ultima-reunion-transnacional-en-barcelona-y-evento-multiplicador\/","name":"ULTIMA REUNI\u00d3N TRANSNACIONAL EN BARCELONA Y EVENTO MULTIPLICADOR - Remain","isPartOf":{"@id":"https:\/\/remainproject.eu\/es\/#website"},"datePublished":"2024-11-08T11:34:59+00:00","dateModified":"2024-11-08T11:36:07+00:00","breadcrumb":{"@id":"https:\/\/remainproject.eu\/es\/sin-categorizar\/ultima-reunion-transnacional-en-barcelona-y-evento-multiplicador\/#breadcrumb"},"inLanguage":"es","potentialAction":[{"@type":"ReadAction","target":["https:\/\/remainproject.eu\/es\/sin-categorizar\/ultima-reunion-transnacional-en-barcelona-y-evento-multiplicador\/"]}]},{"@type":"BreadcrumbList","@id":"https:\/\/remainproject.eu\/es\/sin-categorizar\/ultima-reunion-transnacional-en-barcelona-y-evento-multiplicador\/#breadcrumb","itemListElement":[{"@type":"ListItem","position":1,"name":"Portada","item":"https:\/\/remainproject.eu\/es\/"},{"@type":"ListItem","position":2,"name":"ULTIMA REUNI\u00d3N TRANSNACIONAL EN BARCELONA Y EVENTO MULTIPLICADOR"}]},{"@type":"WebSite","@id":"https:\/\/remainproject.eu\/es\/#website","url":"https:\/\/remainproject.eu\/es\/","name":"Remain","description":"Project","publisher":{"@id":"https:\/\/remainproject.eu\/es\/#organization"},"potentialAction":[{"@type":"SearchAction","target":{"@type":"EntryPoint","urlTemplate":"https:\/\/remainproject.eu\/es\/?s={search_term_string}"},"query-input":"required name=search_term_string"}],"inLanguage":"es"},{"@type":"Organization","@id":"https:\/\/remainproject.eu\/es\/#organization","name":"Remain","url":"https:\/\/remainproject.eu\/es\/","logo":{"@type":"ImageObject","inLanguage":"es","@id":"https:\/\/remainproject.eu\/es\/#\/schema\/logo\/image\/","url":"https:\/\/remainproject.eu\/wp-content\/uploads\/2022\/11\/cropped-logo.webp","contentUrl":"https:\/\/remainproject.eu\/wp-content\/uploads\/2022\/11\/cropped-logo.webp","width":460,"height":200,"caption":"Remain"},"image":{"@id":"https:\/\/remainproject.eu\/es\/#\/schema\/logo\/image\/"}},{"@type":"Person","@id":"https:\/\/remainproject.eu\/es\/#\/schema\/person\/b60645eea0252b8e07d8eb24e4f859b1","name":"admin","image":{"@type":"ImageObject","inLanguage":"es","@id":"https:\/\/remainproject.eu\/es\/#\/schema\/person\/image\/","url":"https:\/\/secure.gravatar.com\/avatar\/c33fc7e9c0fe73196aaac7e84b2113803a0077080ee20e55a7ea811e4050bc40?s=96&d=mm&r=g","contentUrl":"https:\/\/secure.gravatar.com\/avatar\/c33fc7e9c0fe73196aaac7e84b2113803a0077080ee20e55a7ea811e4050bc40?s=96&d=mm&r=g","caption":"admin"},"sameAs":["https:\/\/remainproject.eu"]}]}},"_links":{"self":[{"href":"https:\/\/remainproject.eu\/es\/wp-json\/wp\/v2\/posts\/4573","targetHints":{"allow":["GET"]}}],"collection":[{"href":"https:\/\/remainproject.eu\/es\/wp-json\/wp\/v2\/posts"}],"about":[{"href":"https:\/\/remainproject.eu\/es\/wp-json\/wp\/v2\/types\/post"}],"author":[{"embeddable":true,"href":"https:\/\/remainproject.eu\/es\/wp-json\/wp\/v2\/users\/1"}],"replies":[{"embeddable":true,"href":"https:\/\/remainproject.eu\/es\/wp-json\/wp\/v2\/comments?post=4573"}],"version-history":[{"count":4,"href":"https:\/\/remainproject.eu\/es\/wp-json\/wp\/v2\/posts\/4573\/revisions"}],"predecessor-version":[{"id":4577,"href":"https:\/\/remainproject.eu\/es\/wp-json\/wp\/v2\/posts\/4573\/revisions\/4577"}],"wp:featuredmedia":[{"embeddable":true,"href":"https:\/\/remainproject.eu\/es\/wp-json\/wp\/v2\/media\/4496"}],"wp:attachment":[{"href":"https:\/\/remainproject.eu\/es\/wp-json\/wp\/v2\/media?parent=4573"}],"wp:term":[{"taxonomy":"category","embeddable":true,"href":"https:\/\/remainproject.eu\/es\/wp-json\/wp\/v2\/categories?post=4573"},{"taxonomy":"post_tag","embeddable":true,"href":"https:\/\/remainproject.eu\/es\/wp-json\/wp\/v2\/tags?post=4573"}],"curies":[{"name":"wp","href":"https:\/\/api.w.org\/{rel}","templated":true}]}}