{"id":4551,"date":"2024-11-08T13:22:45","date_gmt":"2024-11-08T11:22:45","guid":{"rendered":"https:\/\/remainproject.eu\/?p=4551"},"modified":"2024-11-08T13:24:18","modified_gmt":"2024-11-08T11:24:18","slug":"praesentation-des-re-main-projekts-beim-multiplikatorevent-des-europaeischen-greenco-projekts","status":"publish","type":"post","link":"https:\/\/remainproject.eu\/de\/unkategorisiert\/praesentation-des-re-main-projekts-beim-multiplikatorevent-des-europaeischen-greenco-projekts\/","title":{"rendered":"PR\u00c4SENTATION DES RE-MAIN-PROJEKTS BEIM MULTIPLIKATOREVENT DES EUROP\u00c4ISCHEN GREENCO-PROJEKTS"},"content":{"rendered":"\t\t<div data-elementor-type=\"wp-post\" data-elementor-id=\"4551\" class=\"elementor elementor-4551\">\n\t\t\t\t\t\t\t\t\t<section class=\"elementor-section elementor-top-section elementor-element elementor-element-4d37635b elementor-section-boxed elementor-section-height-default elementor-section-height-default\" data-id=\"4d37635b\" data-element_type=\"section\">\n\t\t\t\t\t\t<div class=\"elementor-container elementor-column-gap-default\">\n\t\t\t\t\t<div class=\"elementor-column elementor-col-100 elementor-top-column elementor-element elementor-element-5078fd6b\" data-id=\"5078fd6b\" data-element_type=\"column\">\n\t\t\t<div class=\"elementor-widget-wrap elementor-element-populated\">\n\t\t\t\t\t\t\t\t<div class=\"elementor-element elementor-element-356e8aa7 elementor-widget elementor-widget-text-editor\" data-id=\"356e8aa7\" data-element_type=\"widget\" data-widget_type=\"text-editor.default\">\n\t\t\t\t<div class=\"elementor-widget-container\">\n\t\t\t<style>\/*! elementor - v3.13.3 - 28-05-2023 *\/\n.elementor-widget-text-editor.elementor-drop-cap-view-stacked .elementor-drop-cap{background-color:#69727d;color:#fff}.elementor-widget-text-editor.elementor-drop-cap-view-framed .elementor-drop-cap{color:#69727d;border:3px solid;background-color:transparent}.elementor-widget-text-editor:not(.elementor-drop-cap-view-default) .elementor-drop-cap{margin-top:8px}.elementor-widget-text-editor:not(.elementor-drop-cap-view-default) .elementor-drop-cap-letter{width:1em;height:1em}.elementor-widget-text-editor .elementor-drop-cap{float:left;text-align:center;line-height:1;font-size:50px}.elementor-widget-text-editor .elementor-drop-cap-letter{display:inline-block}<\/style>\t\t\t\t<p>Am 6. November hatten wir beim Multiplizierungs-Event des europ\u00e4ischen GREENCO-Projekts im CRN f\u00fcr Informatik und Kommunikation in Getafe die Gelegenheit, unser Projekt RE-MAIN vorzustellen. Diese Veranstaltung bot die ideale Gelegenheit, unsere j\u00fcngsten Fortschritte einem Publikum zu pr\u00e4sentieren, das sich f\u00fcr Innovation und Entwicklung in der beruflichen Bildung einsetzt.\n\n<\/p>\n<p>Die Teilnahme an solchen Veranstaltungen ist entscheidend, um die Sichtbarkeit von RE-MAIN zu erh\u00f6hen und die Integration von L\u00f6sungen f\u00fcr Fernwartung in der Industrie weiter voranzutreiben. Unser Ziel bleibt klar: die Art und Weise zu transformieren, wie Wartung und Automatisierung in der beruflichen Bildung gelehrt und angewendet werden.\n\n<\/p>\n<p>Wir setzen unseren Weg in eine innovative Zukunft der Fernwartung fort!\n\n<\/p>\t\t\t\t\t\t<\/div>\n\t\t\t\t<\/div>\n\t\t\t\t\t<\/div>\n\t\t<\/div>\n\t\t\t\t\t\t\t<\/div>\n\t\t<\/section>\n\t\t\t\t<section class=\"elementor-section elementor-top-section elementor-element elementor-element-24aa9ee elementor-section-boxed elementor-section-height-default elementor-section-height-default\" data-id=\"24aa9ee\" data-element_type=\"section\">\n\t\t\t\t\t\t<div class=\"elementor-container elementor-column-gap-default\">\n\t\t\t\t\t<div class=\"elementor-column elementor-col-100 elementor-top-column elementor-element elementor-element-512d74a\" data-id=\"512d74a\" data-element_type=\"column\">\n\t\t\t<div class=\"elementor-widget-wrap elementor-element-populated\">\n\t\t\t\t\t\t\t\t<div class=\"elementor-element elementor-element-bac7791 elementor-widget elementor-widget-image-gallery\" data-id=\"bac7791\" data-element_type=\"widget\" data-widget_type=\"image-gallery.default\">\n\t\t\t\t<div class=\"elementor-widget-container\">\n\t\t\t<style>\/*! elementor - v3.13.3 - 28-05-2023 *\/\n.elementor-image-gallery .gallery-item{display:inline-block;text-align:center;vertical-align:top;width:100%;max-width:100%;margin:0 auto}.elementor-image-gallery .gallery-item img{margin:0 auto}.elementor-image-gallery .gallery-item .gallery-caption{margin:0}.elementor-image-gallery figure img{display:block}.elementor-image-gallery figure figcaption{width:100%}.gallery-spacing-custom .elementor-image-gallery .gallery-icon{padding:0}@media (min-width:768px){.elementor-image-gallery .gallery-columns-2 .gallery-item{max-width:50%}.elementor-image-gallery .gallery-columns-3 .gallery-item{max-width:33.33%}.elementor-image-gallery .gallery-columns-4 .gallery-item{max-width:25%}.elementor-image-gallery .gallery-columns-5 .gallery-item{max-width:20%}.elementor-image-gallery .gallery-columns-6 .gallery-item{max-width:16.666%}.elementor-image-gallery .gallery-columns-7 .gallery-item{max-width:14.28%}.elementor-image-gallery .gallery-columns-8 .gallery-item{max-width:12.5%}.elementor-image-gallery .gallery-columns-9 .gallery-item{max-width:11.11%}.elementor-image-gallery .gallery-columns-10 .gallery-item{max-width:10%}}@media (min-width:480px) and (max-width:767px){.elementor-image-gallery .gallery.gallery-columns-2 .gallery-item,.elementor-image-gallery .gallery.gallery-columns-3 .gallery-item,.elementor-image-gallery .gallery.gallery-columns-4 .gallery-item,.elementor-image-gallery .gallery.gallery-columns-5 .gallery-item,.elementor-image-gallery .gallery.gallery-columns-6 .gallery-item,.elementor-image-gallery .gallery.gallery-columns-7 .gallery-item,.elementor-image-gallery .gallery.gallery-columns-8 .gallery-item,.elementor-image-gallery .gallery.gallery-columns-9 .gallery-item,.elementor-image-gallery .gallery.gallery-columns-10 .gallery-item{max-width:50%}}@media (max-width:479px){.elementor-image-gallery .gallery.gallery-columns-2 .gallery-item,.elementor-image-gallery .gallery.gallery-columns-3 .gallery-item,.elementor-image-gallery .gallery.gallery-columns-4 .gallery-item,.elementor-image-gallery .gallery.gallery-columns-5 .gallery-item,.elementor-image-gallery .gallery.gallery-columns-6 .gallery-item,.elementor-image-gallery .gallery.gallery-columns-7 .gallery-item,.elementor-image-gallery .gallery.gallery-columns-8 .gallery-item,.elementor-image-gallery .gallery.gallery-columns-9 .gallery-item,.elementor-image-gallery .gallery.gallery-columns-10 .gallery-item{max-width:100%}}<\/style>\t\t<div class=\"elementor-image-gallery\">\n\t\t\t<div id='gallery-1' class='gallery galleryid-4551 gallery-columns-3 gallery-size-medium_large'><figure class='gallery-item'>\n\t\t\t<div class='gallery-icon landscape'>\n\t\t\t\t<a data-elementor-open-lightbox=\"yes\" data-elementor-lightbox-slideshow=\"bac7791\" data-elementor-lightbox-title=\"1-(2)\" data-e-action-hash=\"#elementor-action%3Aaction%3Dlightbox%26settings%3DeyJpZCI6NDQ4MiwidXJsIjoiaHR0cHM6XC9cL3JlbWFpbnByb2plY3QuZXVcL3dwLWNvbnRlbnRcL3VwbG9hZHNcLzIwMjRcLzExXC8xLTIuanBnIiwic2xpZGVzaG93IjoiYmFjNzc5MSJ9\" href='https:\/\/remainproject.eu\/wp-content\/uploads\/2024\/11\/1-2.jpg'><img loading=\"lazy\" decoding=\"async\" width=\"768\" height=\"433\" src=\"https:\/\/remainproject.eu\/wp-content\/uploads\/2024\/11\/1-2-768x433.jpg\" class=\"attachment-medium_large size-medium_large\" alt=\"\" srcset=\"https:\/\/remainproject.eu\/wp-content\/uploads\/2024\/11\/1-2-768x433.jpg 768w, https:\/\/remainproject.eu\/wp-content\/uploads\/2024\/11\/1-2-300x169.jpg 300w, https:\/\/remainproject.eu\/wp-content\/uploads\/2024\/11\/1-2.jpg 1024w\" sizes=\"auto, (max-width: 768px) 100vw, 768px\" \/><\/a>\n\t\t\t<\/div><\/figure><figure class='gallery-item'>\n\t\t\t<div class='gallery-icon landscape'>\n\t\t\t\t<a data-elementor-open-lightbox=\"yes\" data-elementor-lightbox-slideshow=\"bac7791\" data-elementor-lightbox-title=\"2\" data-e-action-hash=\"#elementor-action%3Aaction%3Dlightbox%26settings%3DeyJpZCI6NDQ4NiwidXJsIjoiaHR0cHM6XC9cL3JlbWFpbnByb2plY3QuZXVcL3dwLWNvbnRlbnRcL3VwbG9hZHNcLzIwMjRcLzExXC8yLmpwZyIsInNsaWRlc2hvdyI6ImJhYzc3OTEifQ%3D%3D\" href='https:\/\/remainproject.eu\/wp-content\/uploads\/2024\/11\/2.jpg'><img loading=\"lazy\" decoding=\"async\" width=\"768\" height=\"433\" src=\"https:\/\/remainproject.eu\/wp-content\/uploads\/2024\/11\/2-768x433.jpg\" class=\"attachment-medium_large size-medium_large\" alt=\"\" srcset=\"https:\/\/remainproject.eu\/wp-content\/uploads\/2024\/11\/2-768x433.jpg 768w, https:\/\/remainproject.eu\/wp-content\/uploads\/2024\/11\/2-300x169.jpg 300w, https:\/\/remainproject.eu\/wp-content\/uploads\/2024\/11\/2.jpg 1024w\" sizes=\"auto, (max-width: 768px) 100vw, 768px\" \/><\/a>\n\t\t\t<\/div><\/figure><figure class='gallery-item'>\n\t\t\t<div class='gallery-icon portrait'>\n\t\t\t\t<a data-elementor-open-lightbox=\"yes\" data-elementor-lightbox-slideshow=\"bac7791\" data-elementor-lightbox-title=\"3\" data-e-action-hash=\"#elementor-action%3Aaction%3Dlightbox%26settings%3DeyJpZCI6NDQ5MCwidXJsIjoiaHR0cHM6XC9cL3JlbWFpbnByb2plY3QuZXVcL3dwLWNvbnRlbnRcL3VwbG9hZHNcLzIwMjRcLzExXC8zLmpwZyIsInNsaWRlc2hvdyI6ImJhYzc3OTEifQ%3D%3D\" href='https:\/\/remainproject.eu\/wp-content\/uploads\/2024\/11\/3.jpg'><img loading=\"lazy\" decoding=\"async\" width=\"577\" height=\"1024\" src=\"https:\/\/remainproject.eu\/wp-content\/uploads\/2024\/11\/3.jpg\" class=\"attachment-medium_large size-medium_large\" alt=\"\" srcset=\"https:\/\/remainproject.eu\/wp-content\/uploads\/2024\/11\/3.jpg 577w, https:\/\/remainproject.eu\/wp-content\/uploads\/2024\/11\/3-169x300.jpg 169w\" sizes=\"auto, (max-width: 577px) 100vw, 577px\" \/><\/a>\n\t\t\t<\/div><\/figure>\n\t\t<\/div>\n\t\t<\/div>\n\t\t\t\t<\/div>\n\t\t\t\t<\/div>\n\t\t\t\t\t<\/div>\n\t\t<\/div>\n\t\t\t\t\t\t\t<\/div>\n\t\t<\/section>\n\t\t\t\t\t\t\t<\/div>\n\t\t","protected":false},"excerpt":{"rendered":"<p>Am 6. November hatten wir beim Multiplizierungs-Event des europ\u00e4ischen GREENCO-Projekts im CRN f\u00fcr Informatik und Kommunikation in Getafe die Gelegenheit, unser Projekt RE-MAIN vorzustellen. Diese Veranstaltung bot die ideale Gelegenheit, unsere j\u00fcngsten Fortschritte einem Publikum zu pr\u00e4sentieren, das sich f\u00fcr Innovation und Entwicklung in der beruflichen Bildung einsetzt. Die Teilnahme an solchen Veranstaltungen ist entscheidend, &#8230; <a title=\"PR\u00c4SENTATION DES RE-MAIN-PROJEKTS BEIM MULTIPLIKATOREVENT DES EUROP\u00c4ISCHEN GREENCO-PROJEKTS\" class=\"read-more\" href=\"https:\/\/remainproject.eu\/de\/unkategorisiert\/praesentation-des-re-main-projekts-beim-multiplikatorevent-des-europaeischen-greenco-projekts\/\" aria-label=\"Mehr zu PR\u00c4SENTATION DES RE-MAIN-PROJEKTS BEIM MULTIPLIKATOREVENT DES EUROP\u00c4ISCHEN GREENCO-PROJEKTS\">Read More<\/a><\/p>\n","protected":false},"author":1,"featured_media":4482,"comment_status":"closed","ping_status":"closed","sticky":false,"template":"","format":"standard","meta":{"footnotes":""},"categories":[32],"tags":[],"class_list":["post-4551","post","type-post","status-publish","format-standard","has-post-thumbnail","hentry","category-unkategorisiert"],"yoast_head":"<!-- This site is optimized with the Yoast SEO plugin v20.8 - https:\/\/yoast.com\/wordpress\/plugins\/seo\/ -->\n<title>PR\u00c4SENTATION DES RE-MAIN-PROJEKTS BEIM MULTIPLIKATOREVENT DES EUROP\u00c4ISCHEN GREENCO-PROJEKTS - Remain<\/title>\n<meta name=\"robots\" content=\"index, follow, max-snippet:-1, max-image-preview:large, max-video-preview:-1\" \/>\n<link rel=\"canonical\" href=\"https:\/\/remainproject.eu\/de\/unkategorisiert\/praesentation-des-re-main-projekts-beim-multiplikatorevent-des-europaeischen-greenco-projekts\/\" \/>\n<meta property=\"og:locale\" content=\"de_DE\" \/>\n<meta property=\"og:type\" content=\"article\" \/>\n<meta property=\"og:title\" content=\"PR\u00c4SENTATION DES RE-MAIN-PROJEKTS BEIM MULTIPLIKATOREVENT DES EUROP\u00c4ISCHEN GREENCO-PROJEKTS - Remain\" \/>\n<meta property=\"og:description\" content=\"Am 6. November hatten wir beim Multiplizierungs-Event des europ\u00e4ischen GREENCO-Projekts im CRN f\u00fcr Informatik und Kommunikation in Getafe die Gelegenheit, unser Projekt RE-MAIN vorzustellen. Diese Veranstaltung bot die ideale Gelegenheit, unsere j\u00fcngsten Fortschritte einem Publikum zu pr\u00e4sentieren, das sich f\u00fcr Innovation und Entwicklung in der beruflichen Bildung einsetzt. Die Teilnahme an solchen Veranstaltungen ist entscheidend, ... Read More\" \/>\n<meta property=\"og:url\" content=\"https:\/\/remainproject.eu\/de\/unkategorisiert\/praesentation-des-re-main-projekts-beim-multiplikatorevent-des-europaeischen-greenco-projekts\/\" \/>\n<meta property=\"og:site_name\" content=\"Remain\" \/>\n<meta property=\"article:published_time\" content=\"2024-11-08T11:22:45+00:00\" \/>\n<meta property=\"article:modified_time\" content=\"2024-11-08T11:24:18+00:00\" \/>\n<meta property=\"og:image\" content=\"http:\/\/remainproject.eu\/wp-content\/uploads\/2024\/11\/1-2.jpg\" \/>\n\t<meta property=\"og:image:width\" content=\"1024\" \/>\n\t<meta property=\"og:image:height\" content=\"577\" \/>\n\t<meta property=\"og:image:type\" content=\"image\/jpeg\" \/>\n<meta name=\"author\" content=\"admin\" \/>\n<meta name=\"twitter:card\" content=\"summary_large_image\" \/>\n<meta name=\"twitter:label1\" content=\"Verfasst von\" \/>\n\t<meta name=\"twitter:data1\" content=\"admin\" \/>\n\t<meta name=\"twitter:label2\" content=\"Gesch\u00e4tzte Lesezeit\" \/>\n\t<meta name=\"twitter:data2\" content=\"1\u00a0Minute\" \/>\n<script type=\"application\/ld+json\" class=\"yoast-schema-graph\">{\"@context\":\"https:\/\/schema.org\",\"@graph\":[{\"@type\":\"Article\",\"@id\":\"https:\/\/remainproject.eu\/de\/unkategorisiert\/praesentation-des-re-main-projekts-beim-multiplikatorevent-des-europaeischen-greenco-projekts\/#article\",\"isPartOf\":{\"@id\":\"https:\/\/remainproject.eu\/de\/unkategorisiert\/praesentation-des-re-main-projekts-beim-multiplikatorevent-des-europaeischen-greenco-projekts\/\"},\"author\":{\"name\":\"admin\",\"@id\":\"https:\/\/remainproject.eu\/de\/#\/schema\/person\/b60645eea0252b8e07d8eb24e4f859b1\"},\"headline\":\"PR\u00c4SENTATION DES RE-MAIN-PROJEKTS BEIM MULTIPLIKATOREVENT DES EUROP\u00c4ISCHEN GREENCO-PROJEKTS\",\"datePublished\":\"2024-11-08T11:22:45+00:00\",\"dateModified\":\"2024-11-08T11:24:18+00:00\",\"mainEntityOfPage\":{\"@id\":\"https:\/\/remainproject.eu\/de\/unkategorisiert\/praesentation-des-re-main-projekts-beim-multiplikatorevent-des-europaeischen-greenco-projekts\/\"},\"wordCount\":124,\"publisher\":{\"@id\":\"https:\/\/remainproject.eu\/de\/#organization\"},\"articleSection\":[\"Unkategorisiert\"],\"inLanguage\":\"de\"},{\"@type\":\"WebPage\",\"@id\":\"https:\/\/remainproject.eu\/de\/unkategorisiert\/praesentation-des-re-main-projekts-beim-multiplikatorevent-des-europaeischen-greenco-projekts\/\",\"url\":\"https:\/\/remainproject.eu\/de\/unkategorisiert\/praesentation-des-re-main-projekts-beim-multiplikatorevent-des-europaeischen-greenco-projekts\/\",\"name\":\"PR\u00c4SENTATION DES RE-MAIN-PROJEKTS BEIM MULTIPLIKATOREVENT DES EUROP\u00c4ISCHEN GREENCO-PROJEKTS - Remain\",\"isPartOf\":{\"@id\":\"https:\/\/remainproject.eu\/de\/#website\"},\"datePublished\":\"2024-11-08T11:22:45+00:00\",\"dateModified\":\"2024-11-08T11:24:18+00:00\",\"breadcrumb\":{\"@id\":\"https:\/\/remainproject.eu\/de\/unkategorisiert\/praesentation-des-re-main-projekts-beim-multiplikatorevent-des-europaeischen-greenco-projekts\/#breadcrumb\"},\"inLanguage\":\"de\",\"potentialAction\":[{\"@type\":\"ReadAction\",\"target\":[\"https:\/\/remainproject.eu\/de\/unkategorisiert\/praesentation-des-re-main-projekts-beim-multiplikatorevent-des-europaeischen-greenco-projekts\/\"]}]},{\"@type\":\"BreadcrumbList\",\"@id\":\"https:\/\/remainproject.eu\/de\/unkategorisiert\/praesentation-des-re-main-projekts-beim-multiplikatorevent-des-europaeischen-greenco-projekts\/#breadcrumb\",\"itemListElement\":[{\"@type\":\"ListItem\",\"position\":1,\"name\":\"Portada\",\"item\":\"https:\/\/remainproject.eu\/de\/\"},{\"@type\":\"ListItem\",\"position\":2,\"name\":\"PR\u00c4SENTATION DES RE-MAIN-PROJEKTS BEIM MULTIPLIKATOREVENT DES EUROP\u00c4ISCHEN GREENCO-PROJEKTS\"}]},{\"@type\":\"WebSite\",\"@id\":\"https:\/\/remainproject.eu\/de\/#website\",\"url\":\"https:\/\/remainproject.eu\/de\/\",\"name\":\"Remain\",\"description\":\"Project\",\"publisher\":{\"@id\":\"https:\/\/remainproject.eu\/de\/#organization\"},\"potentialAction\":[{\"@type\":\"SearchAction\",\"target\":{\"@type\":\"EntryPoint\",\"urlTemplate\":\"https:\/\/remainproject.eu\/de\/?s={search_term_string}\"},\"query-input\":\"required name=search_term_string\"}],\"inLanguage\":\"de\"},{\"@type\":\"Organization\",\"@id\":\"https:\/\/remainproject.eu\/de\/#organization\",\"name\":\"Remain\",\"url\":\"https:\/\/remainproject.eu\/de\/\",\"logo\":{\"@type\":\"ImageObject\",\"inLanguage\":\"de\",\"@id\":\"https:\/\/remainproject.eu\/de\/#\/schema\/logo\/image\/\",\"url\":\"https:\/\/remainproject.eu\/wp-content\/uploads\/2022\/11\/cropped-logo.webp\",\"contentUrl\":\"https:\/\/remainproject.eu\/wp-content\/uploads\/2022\/11\/cropped-logo.webp\",\"width\":460,\"height\":200,\"caption\":\"Remain\"},\"image\":{\"@id\":\"https:\/\/remainproject.eu\/de\/#\/schema\/logo\/image\/\"}},{\"@type\":\"Person\",\"@id\":\"https:\/\/remainproject.eu\/de\/#\/schema\/person\/b60645eea0252b8e07d8eb24e4f859b1\",\"name\":\"admin\",\"image\":{\"@type\":\"ImageObject\",\"inLanguage\":\"de\",\"@id\":\"https:\/\/remainproject.eu\/de\/#\/schema\/person\/image\/\",\"url\":\"https:\/\/secure.gravatar.com\/avatar\/c33fc7e9c0fe73196aaac7e84b2113803a0077080ee20e55a7ea811e4050bc40?s=96&d=mm&r=g\",\"contentUrl\":\"https:\/\/secure.gravatar.com\/avatar\/c33fc7e9c0fe73196aaac7e84b2113803a0077080ee20e55a7ea811e4050bc40?s=96&d=mm&r=g\",\"caption\":\"admin\"},\"sameAs\":[\"https:\/\/remainproject.eu\"]}]}<\/script>\n<!-- \/ Yoast SEO plugin. -->","yoast_head_json":{"title":"PR\u00c4SENTATION DES RE-MAIN-PROJEKTS BEIM MULTIPLIKATOREVENT DES EUROP\u00c4ISCHEN GREENCO-PROJEKTS - Remain","robots":{"index":"index","follow":"follow","max-snippet":"max-snippet:-1","max-image-preview":"max-image-preview:large","max-video-preview":"max-video-preview:-1"},"canonical":"https:\/\/remainproject.eu\/de\/unkategorisiert\/praesentation-des-re-main-projekts-beim-multiplikatorevent-des-europaeischen-greenco-projekts\/","og_locale":"de_DE","og_type":"article","og_title":"PR\u00c4SENTATION DES RE-MAIN-PROJEKTS BEIM MULTIPLIKATOREVENT DES EUROP\u00c4ISCHEN GREENCO-PROJEKTS - Remain","og_description":"Am 6. November hatten wir beim Multiplizierungs-Event des europ\u00e4ischen GREENCO-Projekts im CRN f\u00fcr Informatik und Kommunikation in Getafe die Gelegenheit, unser Projekt RE-MAIN vorzustellen. Diese Veranstaltung bot die ideale Gelegenheit, unsere j\u00fcngsten Fortschritte einem Publikum zu pr\u00e4sentieren, das sich f\u00fcr Innovation und Entwicklung in der beruflichen Bildung einsetzt. Die Teilnahme an solchen Veranstaltungen ist entscheidend, ... Read More","og_url":"https:\/\/remainproject.eu\/de\/unkategorisiert\/praesentation-des-re-main-projekts-beim-multiplikatorevent-des-europaeischen-greenco-projekts\/","og_site_name":"Remain","article_published_time":"2024-11-08T11:22:45+00:00","article_modified_time":"2024-11-08T11:24:18+00:00","og_image":[{"width":1024,"height":577,"url":"http:\/\/remainproject.eu\/wp-content\/uploads\/2024\/11\/1-2.jpg","type":"image\/jpeg"}],"author":"admin","twitter_card":"summary_large_image","twitter_misc":{"Verfasst von":"admin","Gesch\u00e4tzte Lesezeit":"1\u00a0Minute"},"schema":{"@context":"https:\/\/schema.org","@graph":[{"@type":"Article","@id":"https:\/\/remainproject.eu\/de\/unkategorisiert\/praesentation-des-re-main-projekts-beim-multiplikatorevent-des-europaeischen-greenco-projekts\/#article","isPartOf":{"@id":"https:\/\/remainproject.eu\/de\/unkategorisiert\/praesentation-des-re-main-projekts-beim-multiplikatorevent-des-europaeischen-greenco-projekts\/"},"author":{"name":"admin","@id":"https:\/\/remainproject.eu\/de\/#\/schema\/person\/b60645eea0252b8e07d8eb24e4f859b1"},"headline":"PR\u00c4SENTATION DES RE-MAIN-PROJEKTS BEIM MULTIPLIKATOREVENT DES EUROP\u00c4ISCHEN GREENCO-PROJEKTS","datePublished":"2024-11-08T11:22:45+00:00","dateModified":"2024-11-08T11:24:18+00:00","mainEntityOfPage":{"@id":"https:\/\/remainproject.eu\/de\/unkategorisiert\/praesentation-des-re-main-projekts-beim-multiplikatorevent-des-europaeischen-greenco-projekts\/"},"wordCount":124,"publisher":{"@id":"https:\/\/remainproject.eu\/de\/#organization"},"articleSection":["Unkategorisiert"],"inLanguage":"de"},{"@type":"WebPage","@id":"https:\/\/remainproject.eu\/de\/unkategorisiert\/praesentation-des-re-main-projekts-beim-multiplikatorevent-des-europaeischen-greenco-projekts\/","url":"https:\/\/remainproject.eu\/de\/unkategorisiert\/praesentation-des-re-main-projekts-beim-multiplikatorevent-des-europaeischen-greenco-projekts\/","name":"PR\u00c4SENTATION DES RE-MAIN-PROJEKTS BEIM MULTIPLIKATOREVENT DES EUROP\u00c4ISCHEN GREENCO-PROJEKTS - Remain","isPartOf":{"@id":"https:\/\/remainproject.eu\/de\/#website"},"datePublished":"2024-11-08T11:22:45+00:00","dateModified":"2024-11-08T11:24:18+00:00","breadcrumb":{"@id":"https:\/\/remainproject.eu\/de\/unkategorisiert\/praesentation-des-re-main-projekts-beim-multiplikatorevent-des-europaeischen-greenco-projekts\/#breadcrumb"},"inLanguage":"de","potentialAction":[{"@type":"ReadAction","target":["https:\/\/remainproject.eu\/de\/unkategorisiert\/praesentation-des-re-main-projekts-beim-multiplikatorevent-des-europaeischen-greenco-projekts\/"]}]},{"@type":"BreadcrumbList","@id":"https:\/\/remainproject.eu\/de\/unkategorisiert\/praesentation-des-re-main-projekts-beim-multiplikatorevent-des-europaeischen-greenco-projekts\/#breadcrumb","itemListElement":[{"@type":"ListItem","position":1,"name":"Portada","item":"https:\/\/remainproject.eu\/de\/"},{"@type":"ListItem","position":2,"name":"PR\u00c4SENTATION DES RE-MAIN-PROJEKTS BEIM MULTIPLIKATOREVENT DES EUROP\u00c4ISCHEN GREENCO-PROJEKTS"}]},{"@type":"WebSite","@id":"https:\/\/remainproject.eu\/de\/#website","url":"https:\/\/remainproject.eu\/de\/","name":"Remain","description":"Project","publisher":{"@id":"https:\/\/remainproject.eu\/de\/#organization"},"potentialAction":[{"@type":"SearchAction","target":{"@type":"EntryPoint","urlTemplate":"https:\/\/remainproject.eu\/de\/?s={search_term_string}"},"query-input":"required name=search_term_string"}],"inLanguage":"de"},{"@type":"Organization","@id":"https:\/\/remainproject.eu\/de\/#organization","name":"Remain","url":"https:\/\/remainproject.eu\/de\/","logo":{"@type":"ImageObject","inLanguage":"de","@id":"https:\/\/remainproject.eu\/de\/#\/schema\/logo\/image\/","url":"https:\/\/remainproject.eu\/wp-content\/uploads\/2022\/11\/cropped-logo.webp","contentUrl":"https:\/\/remainproject.eu\/wp-content\/uploads\/2022\/11\/cropped-logo.webp","width":460,"height":200,"caption":"Remain"},"image":{"@id":"https:\/\/remainproject.eu\/de\/#\/schema\/logo\/image\/"}},{"@type":"Person","@id":"https:\/\/remainproject.eu\/de\/#\/schema\/person\/b60645eea0252b8e07d8eb24e4f859b1","name":"admin","image":{"@type":"ImageObject","inLanguage":"de","@id":"https:\/\/remainproject.eu\/de\/#\/schema\/person\/image\/","url":"https:\/\/secure.gravatar.com\/avatar\/c33fc7e9c0fe73196aaac7e84b2113803a0077080ee20e55a7ea811e4050bc40?s=96&d=mm&r=g","contentUrl":"https:\/\/secure.gravatar.com\/avatar\/c33fc7e9c0fe73196aaac7e84b2113803a0077080ee20e55a7ea811e4050bc40?s=96&d=mm&r=g","caption":"admin"},"sameAs":["https:\/\/remainproject.eu"]}]}},"_links":{"self":[{"href":"https:\/\/remainproject.eu\/de\/wp-json\/wp\/v2\/posts\/4551","targetHints":{"allow":["GET"]}}],"collection":[{"href":"https:\/\/remainproject.eu\/de\/wp-json\/wp\/v2\/posts"}],"about":[{"href":"https:\/\/remainproject.eu\/de\/wp-json\/wp\/v2\/types\/post"}],"author":[{"embeddable":true,"href":"https:\/\/remainproject.eu\/de\/wp-json\/wp\/v2\/users\/1"}],"replies":[{"embeddable":true,"href":"https:\/\/remainproject.eu\/de\/wp-json\/wp\/v2\/comments?post=4551"}],"version-history":[{"count":4,"href":"https:\/\/remainproject.eu\/de\/wp-json\/wp\/v2\/posts\/4551\/revisions"}],"predecessor-version":[{"id":4557,"href":"https:\/\/remainproject.eu\/de\/wp-json\/wp\/v2\/posts\/4551\/revisions\/4557"}],"wp:featuredmedia":[{"embeddable":true,"href":"https:\/\/remainproject.eu\/de\/wp-json\/wp\/v2\/media\/4482"}],"wp:attachment":[{"href":"https:\/\/remainproject.eu\/de\/wp-json\/wp\/v2\/media?parent=4551"}],"wp:term":[{"taxonomy":"category","embeddable":true,"href":"https:\/\/remainproject.eu\/de\/wp-json\/wp\/v2\/categories?post=4551"},{"taxonomy":"post_tag","embeddable":true,"href":"https:\/\/remainproject.eu\/de\/wp-json\/wp\/v2\/tags?post=4551"}],"curies":[{"name":"wp","href":"https:\/\/api.w.org\/{rel}","templated":true}]}}